{"id":2433,"date":"2023-05-25T13:23:12","date_gmt":"2023-05-25T13:23:12","guid":{"rendered":"https:\/\/elia-equitation.fr\/?p=2433"},"modified":"2023-05-25T13:42:27","modified_gmt":"2023-05-25T13:42:27","slug":"fete-du-club-edition-2023","status":"publish","type":"post","link":"https:\/\/elia-equitation.fr\/?p=2433","title":{"rendered":"FETE DU CLUB \u00e9dition 2023"},"content":{"rendered":"\n<p class=\"has-text-align-left\">Le 11 juin aura lieu la f\u00eate du club chez ELIA EQUITATION! Venez vous amuser, vous r\u00e9galer autour d&rsquo;un barbecue et surtout admirer les jolis carrousels de nos petits et de nos plus grands! \ud83c\udfa0N&rsquo;h\u00e9sitez pas \u00e0 venir accompagn\u00e9s de vos familles et de vos amis, car comme l&rsquo;indique le c\u00e9l\u00e8bre dicton \u00ab\u00a0plus on est de fous, plus on rit!\u00a0\u00bb. Cette incroyable journ\u00e9e se cl\u00f4turera avec une tombola, de chouettes lots sont \u00e0 gagner! Nous vous y attendons nombreux! LA TEAM ELIA \ud83d\udc95  <\/p>\n\n\n\n<figure class=\"wp-block-image size-large\"><img fetchpriority=\"high\" width=\"724\" height=\"1024\" src=\"https:\/\/elia-equitation.fr\/wp-content\/uploads\/2023\/05\/A17D0307-AD62-4648-91ED-4A938F098A0E-724x1024.png\" alt=\"\" class=\"wp-image-2434\" srcset=\"https:\/\/elia-equitation.fr\/wp-content\/uploads\/2023\/05\/A17D0307-AD62-4648-91ED-4A938F098A0E-724x1024.png 724w, https:\/\/elia-equitation.fr\/wp-content\/uploads\/2023\/05\/A17D0307-AD62-4648-91ED-4A938F098A0E-212x300.png 212w, https:\/\/elia-equitation.fr\/wp-content\/uploads\/2023\/05\/A17D0307-AD62-4648-91ED-4A938F098A0E-768x1086.png 768w, https:\/\/elia-equitation.fr\/wp-content\/uploads\/2023\/05\/A17D0307-AD62-4648-91ED-4A938F098A0E-1086x1536.png 1086w, https:\/\/elia-equitation.fr\/wp-content\/uploads\/2023\/05\/A17D0307-AD62-4648-91ED-4A938F098A0E-1449x2048.png 1449w, https:\/\/elia-equitation.fr\/wp-content\/uploads\/2023\/05\/A17D0307-AD62-4648-91ED-4A938F098A0E.png 1588w\" sizes=\"(max-width: 724px) 100vw, 724px\" \/><\/figure>\n","protected":false},"excerpt":{"rendered":"<p>Le 11 juin aura lieu la f\u00eate du club chez ELIA EQUITATION! Venez vous amuser, vous r\u00e9galer autour d&rsquo;un barbecue et surtout admirer les jolis carrousels de nos petits et&hellip;&nbsp;<a href=\"https:\/\/elia-equitation.fr\/?p=2433\" rel=\"bookmark\">Lire la suite &raquo;<span class=\"screen-reader-text\">FETE DU CLUB \u00e9dition 2023<\/span><\/a><\/p>\n","protected":false},"author":1,"featured_media":2434,"comment_status":"open","ping_status":"open","sticky":false,"template":"","format":"standard","meta":{"neve_meta_sidebar":"","neve_meta_container":"","neve_meta_enable_content_width":"","neve_meta_content_width":0,"neve_meta_title_alignment":"","neve_meta_author_avatar":"","neve_post_elements_order":"","neve_meta_disable_header":"","neve_meta_disable_footer":"","neve_meta_disable_title":"","_EventAllDay":false,"_EventTimezone":"","_EventStartDate":"","_EventEndDate":"","_EventStartDateUTC":"","_EventEndDateUTC":"","_EventShowMap":false,"_EventShowMapLink":false,"_EventURL":"","_EventCost":"","_EventCostDescription":"","_EventCurrencySymbol":"","_EventCurrencyCode":"","_EventCurrencyPosition":"","_EventDateTimeSeparator":"","_EventTimeRangeSeparator":"","_EventOrganizerID":[],"_EventVenueID":0,"_OrganizerEmail":"","_OrganizerPhone":"","_OrganizerWebsite":"","_VenueAddress":"","_VenueCity":"","_VenueCountry":"","_VenueProvince":"","_VenueZip":"","_VenuePhone":"","_VenueURL":"","_VenueStateProvince":"","_VenueLat":"","_VenueLng":""},"categories":[1],"tags":[],"_links":{"self":[{"href":"https:\/\/elia-equitation.fr\/index.php?rest_route=\/wp\/v2\/posts\/2433"}],"collection":[{"href":"https:\/\/elia-equitation.fr\/index.php?rest_route=\/wp\/v2\/posts"}],"about":[{"href":"https:\/\/elia-equitation.fr\/index.php?rest_route=\/wp\/v2\/types\/post"}],"author":[{"embeddable":true,"href":"https:\/\/elia-equitation.fr\/index.php?rest_route=\/wp\/v2\/users\/1"}],"replies":[{"embeddable":true,"href":"https:\/\/elia-equitation.fr\/index.php?rest_route=%2Fwp%2Fv2%2Fcomments&post=2433"}],"version-history":[{"count":1,"href":"https:\/\/elia-equitation.fr\/index.php?rest_route=\/wp\/v2\/posts\/2433\/revisions"}],"predecessor-version":[{"id":2435,"href":"https:\/\/elia-equitation.fr\/index.php?rest_route=\/wp\/v2\/posts\/2433\/revisions\/2435"}],"wp:featuredmedia":[{"embeddable":true,"href":"https:\/\/elia-equitation.fr\/index.php?rest_route=\/wp\/v2\/media\/2434"}],"wp:attachment":[{"href":"https:\/\/elia-equitation.fr\/index.php?rest_route=%2Fwp%2Fv2%2Fmedia&parent=2433"}],"wp:term":[{"taxonomy":"category","embeddable":true,"href":"https:\/\/elia-equitation.fr\/index.php?rest_route=%2Fwp%2Fv2%2Fcategories&post=2433"},{"taxonomy":"post_tag","embeddable":true,"href":"https:\/\/elia-equitation.fr\/index.php?rest_route=%2Fwp%2Fv2%2Ftags&post=2433"}],"curies":[{"name":"wp","href":"https:\/\/api.w.org\/{rel}","templated":true}]}}