{"id":2135,"date":"2022-07-07T13:09:19","date_gmt":"2022-07-07T13:09:19","guid":{"rendered":"https:\/\/eliaequitation.live-website.com\/?p=2135"},"modified":"2022-07-07T13:15:07","modified_gmt":"2022-07-07T13:15:07","slug":"une-journee-en-famille","status":"publish","type":"post","link":"https:\/\/elia-equitation.fr\/?p=2135","title":{"rendered":"Une Journ\u00e9e en Famille"},"content":{"rendered":"\t\t<div data-elementor-type=\"wp-post\" data-elementor-id=\"2135\" class=\"elementor elementor-2135\">\n\t\t\t\t\t\t<section class=\"elementor-section elementor-top-section elementor-element elementor-element-68b1d67 elementor-section-boxed elementor-section-height-default elementor-section-height-default\" data-id=\"68b1d67\" data-element_type=\"section\">\n\t\t\t\t\t\t<div class=\"elementor-container elementor-column-gap-default\">\n\t\t\t\t\t<div class=\"elementor-column elementor-col-100 elementor-top-column elementor-element elementor-element-d7c5676\" data-id=\"d7c5676\" data-element_type=\"column\">\n\t\t\t<div class=\"elementor-widget-wrap elementor-element-populated\">\n\t\t\t\t\t\t<div class=\"elementor-element elementor-element-2a9e147 elementor-widget elementor-widget-text-editor\" data-id=\"2a9e147\" data-element_type=\"widget\" data-widget_type=\"text-editor.default\">\n\t\t\t\t<div class=\"elementor-widget-container\">\n\t\t\t\t\t\t\t<p>\ud83d\udc49 Ce dimanche, se d\u00e9roulait la Journ\u00e9e Famille : Un nouveau concept qui vous permet de monter \u00e0 cheval avec vos proches, peu importe votre niveau et votre \u00e2ge \ud83d\udc0e Vous avez \u00e9t\u00e9 nombreux \u00e0 participer, mais comme dit le proverbe : plus on est de fous, plus on rit, et \u00e7a n\u2019a pas loup\u00e9 !<\/p><p>Les parents ont d\u00e9fi\u00e9 leurs enfants, ou fait \u00e9quipe avec eux lors des \u00e9preuves de maniabilit\u00e9 et de vitesse. Au d\u00e9but, un peu d\u2019appr\u00e9hension chez les novices, mais Emilie et Jacotte ont su les rassurer. Port\u00e9s par la musique, l\u2019ambiance et les jeux, leurs craintes se sont envol\u00e9es et ils se sont pr\u00eat\u00e9s au jeu \ud83d\ude04<\/p><p>Apr\u00e8s le cours (fort en sensations), place au r\u00e9confort \u27a1\ufe0f Un superbe brunch attendait nos cavaliers, pr\u00e9par\u00e9 par Soraya, Morgane, Henina, Vanessa et Jason ! Rien que de revoir les photos, nous donnent l\u2019eau \u00e0 la bouche\u2026<\/p><p>Forte de son succ\u00e8s et des retours positif que nous avons eu\u2026et pour celles et ceux qui auraient rat\u00e9 cette premi\u00e8re \u00e9dition de la journ\u00e9e famille, une seconde \u00e9dition est \u00e0 venir \u00e0 la rentr\u00e9e \ud83c\udf89<\/p>\t\t\t\t\t\t<\/div>\n\t\t\t\t<\/div>\n\t\t\t\t\t<\/div>\n\t\t<\/div>\n\t\t\t\t\t<\/div>\n\t\t<\/section>\n\t\t\t\t<section class=\"elementor-section elementor-top-section elementor-element elementor-element-858aa74 elementor-section-boxed elementor-section-height-default elementor-section-height-default\" data-id=\"858aa74\" data-element_type=\"section\">\n\t\t\t\t\t\t<div class=\"elementor-container elementor-column-gap-default\">\n\t\t\t\t\t<div class=\"elementor-column elementor-col-33 elementor-top-column elementor-element elementor-element-b94f704\" data-id=\"b94f704\" data-element_type=\"column\">\n\t\t\t<div class=\"elementor-widget-wrap elementor-element-populated\">\n\t\t\t\t\t\t<div class=\"elementor-element elementor-element-de53f9f elementor-widget elementor-widget-image\" data-id=\"de53f9f\" data-element_type=\"widget\" data-widget_type=\"image.default\">\n\t\t\t\t<div class=\"elementor-widget-container\">\n\t\t\t\t\t\t\t\t\t\t\t\t\t<img fetchpriority=\"high\" width=\"768\" height=\"1024\" src=\"https:\/\/elia-equitation.fr\/wp-content\/uploads\/2022\/07\/7e089199-0551-4fb3-8a29-b1ec46f19be4.jpg\" class=\"attachment-large size-large wp-image-2143\" alt=\"\" srcset=\"https:\/\/elia-equitation.fr\/wp-content\/uploads\/2022\/07\/7e089199-0551-4fb3-8a29-b1ec46f19be4.jpg 768w, https:\/\/elia-equitation.fr\/wp-content\/uploads\/2022\/07\/7e089199-0551-4fb3-8a29-b1ec46f19be4-225x300.jpg 225w\" sizes=\"(max-width: 768px) 100vw, 768px\" \/>\t\t\t\t\t\t\t\t\t\t\t\t\t<\/div>\n\t\t\t\t<\/div>\n\t\t\t\t\t<\/div>\n\t\t<\/div>\n\t\t\t\t<div class=\"elementor-column elementor-col-33 elementor-top-column elementor-element elementor-element-9d71018\" data-id=\"9d71018\" data-element_type=\"column\">\n\t\t\t<div class=\"elementor-widget-wrap elementor-element-populated\">\n\t\t\t\t\t\t<div class=\"elementor-element elementor-element-1cfde01 elementor-widget elementor-widget-image\" data-id=\"1cfde01\" data-element_type=\"widget\" data-widget_type=\"image.default\">\n\t\t\t\t<div class=\"elementor-widget-container\">\n\t\t\t\t\t\t\t\t\t\t\t\t\t<img width=\"768\" height=\"1024\" src=\"https:\/\/elia-equitation.fr\/wp-content\/uploads\/2022\/07\/62951b58-417f-4923-a2ff-5696f5ab2cde.jpg\" class=\"attachment-large size-large wp-image-2142\" alt=\"\" srcset=\"https:\/\/elia-equitation.fr\/wp-content\/uploads\/2022\/07\/62951b58-417f-4923-a2ff-5696f5ab2cde.jpg 768w, https:\/\/elia-equitation.fr\/wp-content\/uploads\/2022\/07\/62951b58-417f-4923-a2ff-5696f5ab2cde-225x300.jpg 225w\" sizes=\"(max-width: 768px) 100vw, 768px\" \/>\t\t\t\t\t\t\t\t\t\t\t\t\t<\/div>\n\t\t\t\t<\/div>\n\t\t\t\t\t<\/div>\n\t\t<\/div>\n\t\t\t\t<div class=\"elementor-column elementor-col-33 elementor-top-column elementor-element elementor-element-fb126bf\" data-id=\"fb126bf\" data-element_type=\"column\">\n\t\t\t<div class=\"elementor-widget-wrap elementor-element-populated\">\n\t\t\t\t\t\t<div class=\"elementor-element elementor-element-ea5ac32 elementor-widget elementor-widget-image\" data-id=\"ea5ac32\" data-element_type=\"widget\" data-widget_type=\"image.default\">\n\t\t\t\t<div class=\"elementor-widget-container\">\n\t\t\t\t\t\t\t\t\t\t\t\t\t<img width=\"768\" height=\"1024\" src=\"https:\/\/elia-equitation.fr\/wp-content\/uploads\/2022\/07\/ecbe6a8b-93fd-4a66-bab4-1256488cf7d3.jpg\" class=\"attachment-large size-large wp-image-2141\" alt=\"\" srcset=\"https:\/\/elia-equitation.fr\/wp-content\/uploads\/2022\/07\/ecbe6a8b-93fd-4a66-bab4-1256488cf7d3.jpg 768w, https:\/\/elia-equitation.fr\/wp-content\/uploads\/2022\/07\/ecbe6a8b-93fd-4a66-bab4-1256488cf7d3-225x300.jpg 225w\" sizes=\"(max-width: 768px) 100vw, 768px\" \/>\t\t\t\t\t\t\t\t\t\t\t\t\t<\/div>\n\t\t\t\t<\/div>\n\t\t\t\t\t<\/div>\n\t\t<\/div>\n\t\t\t\t\t<\/div>\n\t\t<\/section>\n\t\t\t\t<\/div>\n\t\t","protected":false},"excerpt":{"rendered":"<p>\ud83d\udc49 Ce dimanche, se d\u00e9roulait la Journ\u00e9e Famille : Un nouveau concept qui vous permet de monter \u00e0 cheval avec vos proches, peu importe votre niveau et votre \u00e2ge \ud83d\udc0e&hellip;&nbsp;<a href=\"https:\/\/elia-equitation.fr\/?p=2135\" rel=\"bookmark\">Lire la suite &raquo;<span class=\"screen-reader-text\">Une Journ\u00e9e en Famille<\/span><\/a><\/p>\n","protected":false},"author":1,"featured_media":2123,"comment_status":"open","ping_status":"open","sticky":false,"template":"","format":"standard","meta":{"neve_meta_sidebar":"","neve_meta_container":"","neve_meta_enable_content_width":"","neve_meta_content_width":0,"neve_meta_title_alignment":"","neve_meta_author_avatar":"","neve_post_elements_order":"","neve_meta_disable_header":"","neve_meta_disable_footer":"","neve_meta_disable_title":"","_EventAllDay":false,"_EventTimezone":"","_EventStartDate":"","_EventEndDate":"","_EventStartDateUTC":"","_EventEndDateUTC":"","_EventShowMap":false,"_EventShowMapLink":false,"_EventURL":"","_EventCost":"","_EventCostDescription":"","_EventCurrencySymbol":"","_EventCurrencyCode":"","_EventCurrencyPosition":"","_EventDateTimeSeparator":"","_EventTimeRangeSeparator":"","_EventOrganizerID":[],"_EventVenueID":0,"_OrganizerEmail":"","_OrganizerPhone":"","_OrganizerWebsite":"","_VenueAddress":"","_VenueCity":"","_VenueCountry":"","_VenueProvince":"","_VenueZip":"","_VenuePhone":"","_VenueURL":"","_VenueStateProvince":"","_VenueLat":"","_VenueLng":""},"categories":[1],"tags":[],"_links":{"self":[{"href":"https:\/\/elia-equitation.fr\/index.php?rest_route=\/wp\/v2\/posts\/2135"}],"collection":[{"href":"https:\/\/elia-equitation.fr\/index.php?rest_route=\/wp\/v2\/posts"}],"about":[{"href":"https:\/\/elia-equitation.fr\/index.php?rest_route=\/wp\/v2\/types\/post"}],"author":[{"embeddable":true,"href":"https:\/\/elia-equitation.fr\/index.php?rest_route=\/wp\/v2\/users\/1"}],"replies":[{"embeddable":true,"href":"https:\/\/elia-equitation.fr\/index.php?rest_route=%2Fwp%2Fv2%2Fcomments&post=2135"}],"version-history":[{"count":7,"href":"https:\/\/elia-equitation.fr\/index.php?rest_route=\/wp\/v2\/posts\/2135\/revisions"}],"predecessor-version":[{"id":2146,"href":"https:\/\/elia-equitation.fr\/index.php?rest_route=\/wp\/v2\/posts\/2135\/revisions\/2146"}],"wp:featuredmedia":[{"embeddable":true,"href":"https:\/\/elia-equitation.fr\/index.php?rest_route=\/wp\/v2\/media\/2123"}],"wp:attachment":[{"href":"https:\/\/elia-equitation.fr\/index.php?rest_route=%2Fwp%2Fv2%2Fmedia&parent=2135"}],"wp:term":[{"taxonomy":"category","embeddable":true,"href":"https:\/\/elia-equitation.fr\/index.php?rest_route=%2Fwp%2Fv2%2Fcategories&post=2135"},{"taxonomy":"post_tag","embeddable":true,"href":"https:\/\/elia-equitation.fr\/index.php?rest_route=%2Fwp%2Fv2%2Ftags&post=2135"}],"curies":[{"name":"wp","href":"https:\/\/api.w.org\/{rel}","templated":true}]}}