{"id":2109,"date":"2022-07-07T12:43:39","date_gmt":"2022-07-07T12:43:39","guid":{"rendered":"https:\/\/eliaequitation.live-website.com\/?p=2109"},"modified":"2022-07-07T13:15:35","modified_gmt":"2022-07-07T13:15:35","slug":"une-guinguette-festive-au-club","status":"publish","type":"post","link":"https:\/\/elia-equitation.fr\/?p=2109","title":{"rendered":"Une Guinguette festive au club"},"content":{"rendered":"\t\t<div data-elementor-type=\"wp-post\" data-elementor-id=\"2109\" class=\"elementor elementor-2109\">\n\t\t\t\t\t\t<section class=\"elementor-section elementor-top-section elementor-element elementor-element-77c67268 elementor-section-boxed elementor-section-height-default elementor-section-height-default\" data-id=\"77c67268\" data-element_type=\"section\">\n\t\t\t\t\t\t<div class=\"elementor-container elementor-column-gap-default\">\n\t\t\t\t\t<div class=\"elementor-column elementor-col-100 elementor-top-column elementor-element elementor-element-1508efa0\" data-id=\"1508efa0\" data-element_type=\"column\">\n\t\t\t<div class=\"elementor-widget-wrap elementor-element-populated\">\n\t\t\t\t\t\t<div class=\"elementor-element elementor-element-5033da49 elementor-widget elementor-widget-text-editor\" data-id=\"5033da49\" data-element_type=\"widget\" data-widget_type=\"text-editor.default\">\n\t\t\t\t<div class=\"elementor-widget-container\">\n\t\t\t\t\t\t\t<!-- wp:table -->\n<figure class=\"wp-block-table\">\n<table>\n<tbody>\n<tr>\n<td>Dimanche 26 Juin nous organisions la Guinguette du club \ud83c\udf3e Une journ\u00e9e de partage te de rencontres entre cavaliers, parents, famille, b\u00e9n\u00e9voles, visiteurs etc\u2026 pour profiter d&rsquo;un moment de bien-\u00eatre tous ensemble, \u00e0 travers des jeux, des activit\u00e9s, de la musique, des aires de d\u00e9tentes et des discussions anim\u00e9es \ud83c\udf89<br \/>\u00a0<br \/>Chanceux, nous avons pu profit\u00e9 du soleil et de la chaleur \ud83d\udd25<br \/>\ud83d\udc49C\u2019est aussi l\u2019occasion pour nous de vous remercier de nous soutenir, de partager votre bonne humeur et votre passion avec nous ! Un grand merci \u00e0 la Team Elia pour l\u2019organisation de cet \u00e9v\u00e8nement et \u00e0 toutes les petites mains des b\u00e9n\u00e9voles \u263a\ufe0f<br \/>\u00ad<\/td>\n<\/tr>\n<tr>\n<td>\u00ad<\/td>\n<\/tr>\n<\/tbody>\n<\/table>\n<\/figure>\n<!-- \/wp:table -->\t\t\t\t\t\t<\/div>\n\t\t\t\t<\/div>\n\t\t\t\t\t<\/div>\n\t\t<\/div>\n\t\t\t\t\t<\/div>\n\t\t<\/section>\n\t\t\t\t<section class=\"elementor-section elementor-top-section elementor-element elementor-element-855c635 elementor-section-boxed elementor-section-height-default elementor-section-height-default\" data-id=\"855c635\" data-element_type=\"section\">\n\t\t\t\t\t\t<div class=\"elementor-container elementor-column-gap-default\">\n\t\t\t\t\t<div class=\"elementor-column elementor-col-50 elementor-top-column elementor-element elementor-element-24d93cc\" data-id=\"24d93cc\" data-element_type=\"column\">\n\t\t\t<div class=\"elementor-widget-wrap elementor-element-populated\">\n\t\t\t\t\t\t<div class=\"elementor-element elementor-element-fc9410c elementor-widget elementor-widget-image\" data-id=\"fc9410c\" data-element_type=\"widget\" data-widget_type=\"image.default\">\n\t\t\t\t<div class=\"elementor-widget-container\">\n\t\t\t\t\t\t\t\t\t\t\t\t\t<img fetchpriority=\"high\" width=\"1024\" height=\"683\" src=\"https:\/\/elia-equitation.fr\/wp-content\/uploads\/2022\/07\/IMG_2968-1-1024x683.jpg\" class=\"attachment-large size-large wp-image-2131\" alt=\"\" srcset=\"https:\/\/elia-equitation.fr\/wp-content\/uploads\/2022\/07\/IMG_2968-1-1024x683.jpg 1024w, https:\/\/elia-equitation.fr\/wp-content\/uploads\/2022\/07\/IMG_2968-1-300x200.jpg 300w, https:\/\/elia-equitation.fr\/wp-content\/uploads\/2022\/07\/IMG_2968-1-768x512.jpg 768w, https:\/\/elia-equitation.fr\/wp-content\/uploads\/2022\/07\/IMG_2968-1-1536x1024.jpg 1536w, https:\/\/elia-equitation.fr\/wp-content\/uploads\/2022\/07\/IMG_2968-1-930x620.jpg 930w, https:\/\/elia-equitation.fr\/wp-content\/uploads\/2022\/07\/IMG_2968-1.jpg 1629w\" sizes=\"(max-width: 1024px) 100vw, 1024px\" \/>\t\t\t\t\t\t\t\t\t\t\t\t\t<\/div>\n\t\t\t\t<\/div>\n\t\t\t\t\t<\/div>\n\t\t<\/div>\n\t\t\t\t<div class=\"elementor-column elementor-col-50 elementor-top-column elementor-element elementor-element-9fc4275\" data-id=\"9fc4275\" data-element_type=\"column\">\n\t\t\t<div class=\"elementor-widget-wrap elementor-element-populated\">\n\t\t\t\t\t\t<div class=\"elementor-element elementor-element-6c995aa elementor-widget elementor-widget-image\" data-id=\"6c995aa\" data-element_type=\"widget\" data-widget_type=\"image.default\">\n\t\t\t\t<div class=\"elementor-widget-container\">\n\t\t\t\t\t\t\t\t\t\t\t\t\t<img width=\"1024\" height=\"682\" src=\"https:\/\/elia-equitation.fr\/wp-content\/uploads\/2022\/07\/IMG_2815-1-1024x682.jpg\" class=\"attachment-large size-large wp-image-2130\" alt=\"\" srcset=\"https:\/\/elia-equitation.fr\/wp-content\/uploads\/2022\/07\/IMG_2815-1-1024x682.jpg 1024w, https:\/\/elia-equitation.fr\/wp-content\/uploads\/2022\/07\/IMG_2815-1-300x200.jpg 300w, https:\/\/elia-equitation.fr\/wp-content\/uploads\/2022\/07\/IMG_2815-1-768x512.jpg 768w, https:\/\/elia-equitation.fr\/wp-content\/uploads\/2022\/07\/IMG_2815-1-1536x1024.jpg 1536w, https:\/\/elia-equitation.fr\/wp-content\/uploads\/2022\/07\/IMG_2815-1-930x620.jpg 930w, https:\/\/elia-equitation.fr\/wp-content\/uploads\/2022\/07\/IMG_2815-1.jpg 1862w\" sizes=\"(max-width: 1024px) 100vw, 1024px\" \/>\t\t\t\t\t\t\t\t\t\t\t\t\t<\/div>\n\t\t\t\t<\/div>\n\t\t\t\t\t<\/div>\n\t\t<\/div>\n\t\t\t\t\t<\/div>\n\t\t<\/section>\n\t\t\t\t<\/div>\n\t\t","protected":false},"excerpt":{"rendered":"<p>Dimanche 26 Juin nous organisions la Guinguette du club \ud83c\udf3e Une journ\u00e9e de partage te de rencontres entre cavaliers, parents, famille, b\u00e9n\u00e9voles, visiteurs etc\u2026 pour profiter d&rsquo;un moment de bien-\u00eatre&hellip;&nbsp;<a href=\"https:\/\/elia-equitation.fr\/?p=2109\" rel=\"bookmark\">Lire la suite &raquo;<span class=\"screen-reader-text\">Une Guinguette festive au club<\/span><\/a><\/p>\n","protected":false},"author":1,"featured_media":2061,"comment_status":"open","ping_status":"open","sticky":false,"template":"elementor_theme","format":"standard","meta":{"neve_meta_sidebar":"","neve_meta_container":"","neve_meta_enable_content_width":"","neve_meta_content_width":0,"neve_meta_title_alignment":"","neve_meta_author_avatar":"","neve_post_elements_order":"","neve_meta_disable_header":"","neve_meta_disable_footer":"","neve_meta_disable_title":"","_EventAllDay":false,"_EventTimezone":"","_EventStartDate":"","_EventEndDate":"","_EventStartDateUTC":"","_EventEndDateUTC":"","_EventShowMap":false,"_EventShowMapLink":false,"_EventURL":"","_EventCost":"","_EventCostDescription":"","_EventCurrencySymbol":"","_EventCurrencyCode":"","_EventCurrencyPosition":"","_EventDateTimeSeparator":"","_EventTimeRangeSeparator":"","_EventOrganizerID":[],"_EventVenueID":0,"_OrganizerEmail":"","_OrganizerPhone":"","_OrganizerWebsite":"","_VenueAddress":"","_VenueCity":"","_VenueCountry":"","_VenueProvince":"","_VenueZip":"","_VenuePhone":"","_VenueURL":"","_VenueStateProvince":"","_VenueLat":"","_VenueLng":""},"categories":[1],"tags":[],"_links":{"self":[{"href":"https:\/\/elia-equitation.fr\/index.php?rest_route=\/wp\/v2\/posts\/2109"}],"collection":[{"href":"https:\/\/elia-equitation.fr\/index.php?rest_route=\/wp\/v2\/posts"}],"about":[{"href":"https:\/\/elia-equitation.fr\/index.php?rest_route=\/wp\/v2\/types\/post"}],"author":[{"embeddable":true,"href":"https:\/\/elia-equitation.fr\/index.php?rest_route=\/wp\/v2\/users\/1"}],"replies":[{"embeddable":true,"href":"https:\/\/elia-equitation.fr\/index.php?rest_route=%2Fwp%2Fv2%2Fcomments&post=2109"}],"version-history":[{"count":7,"href":"https:\/\/elia-equitation.fr\/index.php?rest_route=\/wp\/v2\/posts\/2109\/revisions"}],"predecessor-version":[{"id":2147,"href":"https:\/\/elia-equitation.fr\/index.php?rest_route=\/wp\/v2\/posts\/2109\/revisions\/2147"}],"wp:featuredmedia":[{"embeddable":true,"href":"https:\/\/elia-equitation.fr\/index.php?rest_route=\/wp\/v2\/media\/2061"}],"wp:attachment":[{"href":"https:\/\/elia-equitation.fr\/index.php?rest_route=%2Fwp%2Fv2%2Fmedia&parent=2109"}],"wp:term":[{"taxonomy":"category","embeddable":true,"href":"https:\/\/elia-equitation.fr\/index.php?rest_route=%2Fwp%2Fv2%2Fcategories&post=2109"},{"taxonomy":"post_tag","embeddable":true,"href":"https:\/\/elia-equitation.fr\/index.php?rest_route=%2Fwp%2Fv2%2Ftags&post=2109"}],"curies":[{"name":"wp","href":"https:\/\/api.w.org\/{rel}","templated":true}]}}