{"id":1190,"date":"2022-04-01T13:18:52","date_gmt":"2022-04-01T13:18:52","guid":{"rendered":"https:\/\/eliaequitation.live-website.com\/?p=1190"},"modified":"2022-07-07T12:48:38","modified_gmt":"2022-07-07T12:48:38","slug":"les-stages-de-paques-sont-deja-la","status":"publish","type":"post","link":"https:\/\/elia-equitation.fr\/?p=1190","title":{"rendered":"Les stages de P\u00e2ques sont d\u00e9j\u00e0 l\u00e0 !"},"content":{"rendered":"\t\t<div data-elementor-type=\"wp-post\" data-elementor-id=\"1190\" class=\"elementor elementor-1190\">\n\t\t\t\t\t\t<section class=\"elementor-section elementor-top-section elementor-element elementor-element-089f80c elementor-section-boxed elementor-section-height-default elementor-section-height-default\" data-id=\"089f80c\" data-element_type=\"section\">\n\t\t\t\t\t\t<div class=\"elementor-container elementor-column-gap-default\">\n\t\t\t\t\t<div class=\"elementor-column elementor-col-100 elementor-top-column elementor-element elementor-element-0bfc7a4\" data-id=\"0bfc7a4\" data-element_type=\"column\">\n\t\t\t<div class=\"elementor-widget-wrap elementor-element-populated\">\n\t\t\t\t\t\t<div class=\"elementor-element elementor-element-ab70e73 elementor-widget elementor-widget-heading\" data-id=\"ab70e73\" data-element_type=\"widget\" data-widget_type=\"heading.default\">\n\t\t\t\t<div class=\"elementor-widget-container\">\n\t\t\t<h2 class=\"elementor-heading-title elementor-size-default\">\u00c7a y est ! Les voil\u00e0, les stages de P\u00e2ques ! <\/h2>\t\t<\/div>\n\t\t\t\t<\/div>\n\t\t\t\t<div class=\"elementor-element elementor-element-43b24bc elementor-widget elementor-widget-text-editor\" data-id=\"43b24bc\" data-element_type=\"widget\" data-widget_type=\"text-editor.default\">\n\t\t\t\t<div class=\"elementor-widget-container\">\n\t\t\t\t\t\t\t<p>Pendant les prochaines vacances, nous avons le plaisir de vous annoncer qu\u2019il y aura bel et bien deux semaines compl\u00e8tes de stages ! De quoi ravir les cavaliers, heureux de retrouver leurs montures pr\u00e9f\u00e9r\u00e9es en ces beaux jours de printemps.<\/p>\n<p>\u00a0<\/p>\n<ul>\n<li>La premi\u00e8re semaine des vacances d\u00e9butera avec une session de 4 jours complets de stage, du lundi au vendredi except\u00e9e le jeudi, du matin \u00e0 9h30 jusqu\u2019en fin d\u2019apr\u00e8s-midi \u00e0 16h30.\u00a0<\/li>\n<li>Tandis que la deuxi\u00e8me semaine, les stages auront lieu tous les apr\u00e8s-midis de 13h30 \u00e0 16h30, du lundi au vendredi sans exceptions !\u00a0<\/li>\n<\/ul>\n<p><br \/>Au programme : Saut d\u2019obstacles, dressage, jeux \u00e0 poney, balade, soins des chevaux, r\u00e9visions et passage des galops, activit\u00e9s manuelles, jeux en ext\u00e9rieur, chasse aux oeufs, etc\u2026<\/p>\n<p><br \/>Pour les tarifs, vous pouvez consultez l\u2019affiche des stages ci-dessus !<\/p>\n<p>Pour toutes questions ou tous renseignements, contactez-nous par t\u00e9l\u00e9phone, par mail, ou par le biais des r\u00e9seaux sociaux !\u00a0<\/p>\t\t\t\t\t\t<\/div>\n\t\t\t\t<\/div>\n\t\t\t\t\t<\/div>\n\t\t<\/div>\n\t\t\t\t\t<\/div>\n\t\t<\/section>\n\t\t\t\t<\/div>\n\t\t","protected":false},"excerpt":{"rendered":"<p>\u00c7a y est ! Les voil\u00e0, les stages de P\u00e2ques ! Pendant les prochaines vacances, nous avons le plaisir de vous annoncer qu\u2019il y aura bel et bien deux semaines&hellip;&nbsp;<a href=\"https:\/\/elia-equitation.fr\/?p=1190\" rel=\"bookmark\">Lire la suite &raquo;<span class=\"screen-reader-text\">Les stages de P\u00e2ques sont d\u00e9j\u00e0 l\u00e0 !<\/span><\/a><\/p>\n","protected":false},"author":1,"featured_media":1191,"comment_status":"open","ping_status":"open","sticky":false,"template":"","format":"standard","meta":{"neve_meta_sidebar":"","neve_meta_container":"","neve_meta_enable_content_width":"","neve_meta_content_width":0,"neve_meta_title_alignment":"","neve_meta_author_avatar":"","neve_post_elements_order":"","neve_meta_disable_header":"","neve_meta_disable_footer":"","neve_meta_disable_title":"","_EventAllDay":false,"_EventTimezone":"","_EventStartDate":"","_EventEndDate":"","_EventStartDateUTC":"","_EventEndDateUTC":"","_EventShowMap":false,"_EventShowMapLink":false,"_EventURL":"","_EventCost":"","_EventCostDescription":"","_EventCurrencySymbol":"","_EventCurrencyCode":"","_EventCurrencyPosition":"","_EventDateTimeSeparator":"","_EventTimeRangeSeparator":"","_EventOrganizerID":[],"_EventVenueID":0,"_OrganizerEmail":"","_OrganizerPhone":"","_OrganizerWebsite":"","_VenueAddress":"","_VenueCity":"","_VenueCountry":"","_VenueProvince":"","_VenueZip":"","_VenuePhone":"","_VenueURL":"","_VenueStateProvince":"","_VenueLat":"","_VenueLng":""},"categories":[1],"tags":[],"_links":{"self":[{"href":"https:\/\/elia-equitation.fr\/index.php?rest_route=\/wp\/v2\/posts\/1190"}],"collection":[{"href":"https:\/\/elia-equitation.fr\/index.php?rest_route=\/wp\/v2\/posts"}],"about":[{"href":"https:\/\/elia-equitation.fr\/index.php?rest_route=\/wp\/v2\/types\/post"}],"author":[{"embeddable":true,"href":"https:\/\/elia-equitation.fr\/index.php?rest_route=\/wp\/v2\/users\/1"}],"replies":[{"embeddable":true,"href":"https:\/\/elia-equitation.fr\/index.php?rest_route=%2Fwp%2Fv2%2Fcomments&post=1190"}],"version-history":[{"count":7,"href":"https:\/\/elia-equitation.fr\/index.php?rest_route=\/wp\/v2\/posts\/1190\/revisions"}],"predecessor-version":[{"id":2120,"href":"https:\/\/elia-equitation.fr\/index.php?rest_route=\/wp\/v2\/posts\/1190\/revisions\/2120"}],"wp:featuredmedia":[{"embeddable":true,"href":"https:\/\/elia-equitation.fr\/index.php?rest_route=\/wp\/v2\/media\/1191"}],"wp:attachment":[{"href":"https:\/\/elia-equitation.fr\/index.php?rest_route=%2Fwp%2Fv2%2Fmedia&parent=1190"}],"wp:term":[{"taxonomy":"category","embeddable":true,"href":"https:\/\/elia-equitation.fr\/index.php?rest_route=%2Fwp%2Fv2%2Fcategories&post=1190"},{"taxonomy":"post_tag","embeddable":true,"href":"https:\/\/elia-equitation.fr\/index.php?rest_route=%2Fwp%2Fv2%2Ftags&post=1190"}],"curies":[{"name":"wp","href":"https:\/\/api.w.org\/{rel}","templated":true}]}}